{"id":3979,"date":"2022-05-14T18:51:58","date_gmt":"2022-05-14T16:51:58","guid":{"rendered":"https:\/\/asieci.it\/cms\/?p=3979"},"modified":"2022-05-14T19:05:47","modified_gmt":"2022-05-14T17:05:47","slug":"gruppo-asieci-emilia-romagna","status":"publish","type":"post","link":"https:\/\/asieci.it\/cms\/gruppo-asieci-emilia-romagna\/","title":{"rendered":"Gruppo ASIECI Emilia Romagna"},"content":{"rendered":"<p>Dopo una \u201cdiscreta\u201d assenza, ricominciamo a raccontare l&#8217;ASIECI che \u00e8\u00a0carica di propositi e di nuovi progetti.<\/p>\n<p>Alcuni sono pronti e saranno condivisi prestissimo.<\/p>\n<p>Gi\u00e0 il prossimo mese riusciremo a produrre un incontro molto interessante con voi su di un tema che svilupperemo grazie all&#8217;impegno di alcun colleghi che si sono proposti per condividere le loro conoscenze, per altri dovrete aspettare ancora un po&#8217;.<\/p>\n<p>Ma prima vi faccio un rapido riassunto di ci\u00f2 che \u00e8 stato sviluppato in questi mesi, davvero intensi e carichi di lavoro dal gruppo di professionisti che sono un anima molto fervente di ASIECI, loro sono &#8220;quelli dell&#8217;Emilia Romagna&#8221; hanno il sacro fuoco dentro e portano avanti con impegno e dedizione la diffusione della comunicazione ipnotica e dell&#8217;ipnosi nei diversi contesti lavorativi con grande seriet\u00e0.<\/p>\n<p>il motivo degli incontri? Raramente le cose procedono senza intoppi. Questo \u00e8 un\u00a0<em>mood<\/em> che \u00e8 importante comprendere, soprattutto per coloro che si stressano facilmente perch\u00e9 nulla va come \u00e8 stato programmato.<\/p>\n<p>Tutto ci\u00f2, ha generato\u00a0 il desiderio di condividere, riportando non solo le\u00a0 esperienze ma anche, il modo in cui si sono risolte o si sarebbero potute gestire, perch\u00e9 pu\u00f2 essere d\u2019aiuto comprendere che ci sono molti modi per realizzare il benessere del paziente e pu\u00f2 essere utile con la condivisione di esperienza avere molte idee a disposizione nel momento dell\u2019improvvisazione. E poi l&#8217;impegno ad approfondire le proprie conoscenze e condividerle con gli altri moltiplica il nostro sapere<\/p>\n<p><strong>E per finire\u2026.. la formazione!<\/strong><\/p>\n<p>Giusto per non farsi mancare nulla, oltre ad incontrarsi per crescere insieme si impegnano nella realizzazione di eventi formativi con il il benestare delle autorit\u00e0 competenti e i crediti ECM<\/p>\n<p>Crediamo molto nel percorso formativo, sia nostro personale che nella diffusione di queste competenze tra i professionisti della salute.<\/p>\n<p>La formazione \u00e8 uno dei punti di riferimento, una sorta di coperta di <em>Linus<\/em>, per sentirsi al sicuro e confortati.<\/p>\n<p>Si ha la possibilit\u00e0 di imparare cose nuove, di migliorarsi e di perfezionarsi su quello che gi\u00e0 si sa e che si credeva ben collaudato, di confrontarsi con realt\u00e0 diverse, e con altre figure professionali.<\/p>\n<p>Questo gruppo \u00e8 sempre pi\u00f9 folto e sta spostando l&#8217;asse del numero di iscritti alla nostra associazione ad est, ma siamo sicuri che saranno di stimolo ed esempio per altri gruppi nelle altre parti d&#8217;Italia.<\/p>\n<p>Sono tutti molto partecipi e attivi e la loro testa di ponte Maicol Carvello \u00e8 una fucina di idee, mette passione e competenza, si \u00e8 caricato il basto pur dando spazio e attenzione a tutti, \u00e8 il referente del gruppo e sapr\u00e0 contagiare favorevolmente chi avr\u00e0 voglia di impegnarsi come lui.<\/p>\n<p>La foto della TIMELINE che racconta quest&#8217;anno in Emilia Romagna dice molto e pi\u00f9 nello specifico:<\/p>\n<p><strong>Ecco cosa hanno prodotto i nostri ragazzi\u00a0<\/strong><\/p>\n<p>In un anno:<\/p>\n<div dir=\"auto\"><img decoding=\"async\" class=\"an1\" src=\"https:\/\/fonts.gstatic.com\/s\/e\/notoemoji\/14.0\/2705\/32.png\" alt=\"&#x2705;\" data-emoji=\"&#x2705;\" aria-label=\"&#x2705;\" \/> 10 incontri di esercitazione con sperimentatori esterni<\/div>\n<div dir=\"auto\"><img decoding=\"async\" class=\"an1\" src=\"https:\/\/fonts.gstatic.com\/s\/e\/notoemoji\/14.0\/2705\/32.png\" alt=\"&#x2705;\" data-emoji=\"&#x2705;\" aria-label=\"&#x2705;\" \/> 9 eventi divulgativi aperti a professionisti sanitari\u00a0(abbiamo raggiunto circa 500 operatori)<\/div>\n<div dir=\"auto\"><img decoding=\"async\" class=\"an1\" src=\"https:\/\/fonts.gstatic.com\/s\/e\/notoemoji\/14.0\/2705\/32.png\" alt=\"&#x2705;\" data-emoji=\"&#x2705;\" aria-label=\"&#x2705;\" \/>\u00a03 incontri formativi interni<\/div>\n<div dir=\"auto\"><img decoding=\"async\" class=\"an1\" src=\"https:\/\/fonts.gstatic.com\/s\/e\/notoemoji\/14.0\/2705\/32.png\" alt=\"&#x2705;\" data-emoji=\"&#x2705;\" aria-label=\"&#x2705;\" \/>\u00a0Reunion in agriturismo<\/div>\n<div dir=\"auto\"><img decoding=\"async\" class=\"an1\" src=\"https:\/\/fonts.gstatic.com\/s\/e\/notoemoji\/14.0\/2705\/32.png\" alt=\"&#x2705;\" data-emoji=\"&#x2705;\" aria-label=\"&#x2705;\" \/> Ipnoaperitivi<\/div>\n<div dir=\"auto\"><img decoding=\"async\" class=\"an1\" src=\"https:\/\/fonts.gstatic.com\/s\/e\/notoemoji\/14.0\/2705\/32.png\" alt=\"&#x2705;\" data-emoji=\"&#x2705;\" aria-label=\"&#x2705;\" \/>\u00a0Pagina Facebook (che oggi conta quasi 500 iscritti)<\/div>\n<p><strong>BRAVI !!! e GRAZIE\u00a0<\/strong><\/p>\n","protected":false},"excerpt":{"rendered":"<p>Dopo una \u201cdiscreta\u201d assenza, ricominciamo a raccontare l&#8217;ASIECI che \u00e8\u00a0carica di propositi e di nuovi progetti. Alcuni sono pronti e saranno condivisi prestissimo. Gi\u00e0 il prossimo mese riusciremo a produrre [&hellip;]<\/p>\n","protected":false},"author":94,"featured_media":3983,"comment_status":"closed","ping_status":"closed","sticky":false,"template":"","format":"standard","meta":{"_et_pb_use_builder":"","_et_pb_old_content":"","_et_gb_content_width":"","footnotes":""},"categories":[4,8,1],"tags":[],"yoast_head":"<!-- This site is optimized with the Yoast SEO plugin v22.8 - https:\/\/yoast.com\/wordpress\/plugins\/seo\/ -->\n<title>Gruppo ASIECI Emilia Romagna - A.S.I.E.C.I.<\/title>\n<meta name=\"robots\" content=\"index, follow, max-snippet:-1, max-image-preview:large, max-video-preview:-1\" \/>\n<link rel=\"canonical\" href=\"https:\/\/asieci.it\/cms\/gruppo-asieci-emilia-romagna\/\" \/>\n<meta property=\"og:locale\" content=\"it_IT\" \/>\n<meta property=\"og:type\" content=\"article\" \/>\n<meta property=\"og:title\" content=\"Gruppo ASIECI Emilia Romagna - A.S.I.E.C.I.\" \/>\n<meta property=\"og:description\" content=\"Dopo una \u201cdiscreta\u201d assenza, ricominciamo a raccontare l&#8217;ASIECI che \u00e8\u00a0carica di propositi e di nuovi progetti. Alcuni sono pronti e saranno condivisi prestissimo. Gi\u00e0 il prossimo mese riusciremo a produrre [&hellip;]\" \/>\n<meta property=\"og:url\" content=\"https:\/\/asieci.it\/cms\/gruppo-asieci-emilia-romagna\/\" \/>\n<meta property=\"og:site_name\" content=\"A.S.I.E.C.I.\" \/>\n<meta property=\"article:published_time\" content=\"2022-05-14T16:51:58+00:00\" \/>\n<meta property=\"article:modified_time\" content=\"2022-05-14T17:05:47+00:00\" \/>\n<meta property=\"og:image\" content=\"https:\/\/asieci.it\/cms\/wp-content\/uploads\/2022\/05\/WhatsApp-Image-2022-05-10-at-15.10.47.jpeg\" \/>\n\t<meta property=\"og:image:width\" content=\"644\" \/>\n\t<meta property=\"og:image:height\" content=\"790\" \/>\n\t<meta property=\"og:image:type\" content=\"image\/jpeg\" \/>\n<meta name=\"author\" content=\"admin\" \/>\n<meta name=\"twitter:label1\" content=\"Scritto da\" \/>\n\t<meta name=\"twitter:data1\" content=\"admin\" \/>\n\t<meta name=\"twitter:label2\" content=\"Tempo di lettura stimato\" \/>\n\t<meta name=\"twitter:data2\" content=\"4 minuti\" \/>\n<script type=\"application\/ld+json\" class=\"yoast-schema-graph\">{\"@context\":\"https:\/\/schema.org\",\"@graph\":[{\"@type\":\"Article\",\"@id\":\"https:\/\/asieci.it\/cms\/gruppo-asieci-emilia-romagna\/#article\",\"isPartOf\":{\"@id\":\"https:\/\/asieci.it\/cms\/gruppo-asieci-emilia-romagna\/\"},\"author\":{\"name\":\"admin\",\"@id\":\"https:\/\/asieci.it\/cms\/#\/schema\/person\/9d9f4cbdd38af6f5707d2ca07fe77855\"},\"headline\":\"Gruppo ASIECI Emilia Romagna\",\"datePublished\":\"2022-05-14T16:51:58+00:00\",\"dateModified\":\"2022-05-14T17:05:47+00:00\",\"mainEntityOfPage\":{\"@id\":\"https:\/\/asieci.it\/cms\/gruppo-asieci-emilia-romagna\/\"},\"wordCount\":496,\"publisher\":{\"@id\":\"https:\/\/asieci.it\/cms\/#organization\"},\"image\":{\"@id\":\"https:\/\/asieci.it\/cms\/gruppo-asieci-emilia-romagna\/#primaryimage\"},\"thumbnailUrl\":\"https:\/\/asieci.it\/cms\/wp-content\/uploads\/2022\/05\/WhatsApp-Image-2022-05-10-at-15.10.47.jpeg\",\"articleSection\":[\"Esperienze\",\"Formazione\",\"Notizie\"],\"inLanguage\":\"it-IT\"},{\"@type\":\"WebPage\",\"@id\":\"https:\/\/asieci.it\/cms\/gruppo-asieci-emilia-romagna\/\",\"url\":\"https:\/\/asieci.it\/cms\/gruppo-asieci-emilia-romagna\/\",\"name\":\"Gruppo ASIECI Emilia Romagna - A.S.I.E.C.I.\",\"isPartOf\":{\"@id\":\"https:\/\/asieci.it\/cms\/#website\"},\"primaryImageOfPage\":{\"@id\":\"https:\/\/asieci.it\/cms\/gruppo-asieci-emilia-romagna\/#primaryimage\"},\"image\":{\"@id\":\"https:\/\/asieci.it\/cms\/gruppo-asieci-emilia-romagna\/#primaryimage\"},\"thumbnailUrl\":\"https:\/\/asieci.it\/cms\/wp-content\/uploads\/2022\/05\/WhatsApp-Image-2022-05-10-at-15.10.47.jpeg\",\"datePublished\":\"2022-05-14T16:51:58+00:00\",\"dateModified\":\"2022-05-14T17:05:47+00:00\",\"breadcrumb\":{\"@id\":\"https:\/\/asieci.it\/cms\/gruppo-asieci-emilia-romagna\/#breadcrumb\"},\"inLanguage\":\"it-IT\",\"potentialAction\":[{\"@type\":\"ReadAction\",\"target\":[\"https:\/\/asieci.it\/cms\/gruppo-asieci-emilia-romagna\/\"]}]},{\"@type\":\"ImageObject\",\"inLanguage\":\"it-IT\",\"@id\":\"https:\/\/asieci.it\/cms\/gruppo-asieci-emilia-romagna\/#primaryimage\",\"url\":\"https:\/\/asieci.it\/cms\/wp-content\/uploads\/2022\/05\/WhatsApp-Image-2022-05-10-at-15.10.47.jpeg\",\"contentUrl\":\"https:\/\/asieci.it\/cms\/wp-content\/uploads\/2022\/05\/WhatsApp-Image-2022-05-10-at-15.10.47.jpeg\",\"width\":644,\"height\":790},{\"@type\":\"BreadcrumbList\",\"@id\":\"https:\/\/asieci.it\/cms\/gruppo-asieci-emilia-romagna\/#breadcrumb\",\"itemListElement\":[{\"@type\":\"ListItem\",\"position\":1,\"name\":\"Home\",\"item\":\"https:\/\/asieci.it\/cms\/\"},{\"@type\":\"ListItem\",\"position\":2,\"name\":\"Gruppo ASIECI Emilia Romagna\"}]},{\"@type\":\"WebSite\",\"@id\":\"https:\/\/asieci.it\/cms\/#website\",\"url\":\"https:\/\/asieci.it\/cms\/\",\"name\":\"A.S.I.E.C.I.\",\"description\":\"Associazione Scientifica Infermieri Esperti Comunicazione Ipnotica\",\"publisher\":{\"@id\":\"https:\/\/asieci.it\/cms\/#organization\"},\"potentialAction\":[{\"@type\":\"SearchAction\",\"target\":{\"@type\":\"EntryPoint\",\"urlTemplate\":\"https:\/\/asieci.it\/cms\/?s={search_term_string}\"},\"query-input\":\"required name=search_term_string\"}],\"inLanguage\":\"it-IT\"},{\"@type\":\"Organization\",\"@id\":\"https:\/\/asieci.it\/cms\/#organization\",\"name\":\"ASIECI - Associazione Scientifica Infermieri Esperti Comunicazione Ipnotica\",\"url\":\"https:\/\/asieci.it\/cms\/\",\"logo\":{\"@type\":\"ImageObject\",\"inLanguage\":\"it-IT\",\"@id\":\"https:\/\/asieci.it\/cms\/#\/schema\/logo\/image\/\",\"url\":\"https:\/\/asieci.it\/cms\/wp-content\/uploads\/2015\/12\/Logo.png\",\"contentUrl\":\"https:\/\/asieci.it\/cms\/wp-content\/uploads\/2015\/12\/Logo.png\",\"width\":1025,\"height\":343,\"caption\":\"ASIECI - Associazione Scientifica Infermieri Esperti Comunicazione Ipnotica\"},\"image\":{\"@id\":\"https:\/\/asieci.it\/cms\/#\/schema\/logo\/image\/\"}},{\"@type\":\"Person\",\"@id\":\"https:\/\/asieci.it\/cms\/#\/schema\/person\/9d9f4cbdd38af6f5707d2ca07fe77855\",\"name\":\"admin\",\"image\":{\"@type\":\"ImageObject\",\"inLanguage\":\"it-IT\",\"@id\":\"https:\/\/asieci.it\/cms\/#\/schema\/person\/image\/\",\"url\":\"https:\/\/secure.gravatar.com\/avatar\/66532d5a7693aa019d73b60d47ff5d5f?s=96&r=g\",\"contentUrl\":\"https:\/\/secure.gravatar.com\/avatar\/66532d5a7693aa019d73b60d47ff5d5f?s=96&r=g\",\"caption\":\"admin\"},\"url\":\"https:\/\/asieci.it\/cms\/author\/admin\/\"}]}<\/script>\n<!-- \/ Yoast SEO plugin. -->","yoast_head_json":{"title":"Gruppo ASIECI Emilia Romagna - A.S.I.E.C.I.","robots":{"index":"index","follow":"follow","max-snippet":"max-snippet:-1","max-image-preview":"max-image-preview:large","max-video-preview":"max-video-preview:-1"},"canonical":"https:\/\/asieci.it\/cms\/gruppo-asieci-emilia-romagna\/","og_locale":"it_IT","og_type":"article","og_title":"Gruppo ASIECI Emilia Romagna - A.S.I.E.C.I.","og_description":"Dopo una \u201cdiscreta\u201d assenza, ricominciamo a raccontare l&#8217;ASIECI che \u00e8\u00a0carica di propositi e di nuovi progetti. Alcuni sono pronti e saranno condivisi prestissimo. Gi\u00e0 il prossimo mese riusciremo a produrre [&hellip;]","og_url":"https:\/\/asieci.it\/cms\/gruppo-asieci-emilia-romagna\/","og_site_name":"A.S.I.E.C.I.","article_published_time":"2022-05-14T16:51:58+00:00","article_modified_time":"2022-05-14T17:05:47+00:00","og_image":[{"width":644,"height":790,"url":"https:\/\/asieci.it\/cms\/wp-content\/uploads\/2022\/05\/WhatsApp-Image-2022-05-10-at-15.10.47.jpeg","type":"image\/jpeg"}],"author":"admin","twitter_misc":{"Scritto da":"admin","Tempo di lettura stimato":"4 minuti"},"schema":{"@context":"https:\/\/schema.org","@graph":[{"@type":"Article","@id":"https:\/\/asieci.it\/cms\/gruppo-asieci-emilia-romagna\/#article","isPartOf":{"@id":"https:\/\/asieci.it\/cms\/gruppo-asieci-emilia-romagna\/"},"author":{"name":"admin","@id":"https:\/\/asieci.it\/cms\/#\/schema\/person\/9d9f4cbdd38af6f5707d2ca07fe77855"},"headline":"Gruppo ASIECI Emilia Romagna","datePublished":"2022-05-14T16:51:58+00:00","dateModified":"2022-05-14T17:05:47+00:00","mainEntityOfPage":{"@id":"https:\/\/asieci.it\/cms\/gruppo-asieci-emilia-romagna\/"},"wordCount":496,"publisher":{"@id":"https:\/\/asieci.it\/cms\/#organization"},"image":{"@id":"https:\/\/asieci.it\/cms\/gruppo-asieci-emilia-romagna\/#primaryimage"},"thumbnailUrl":"https:\/\/asieci.it\/cms\/wp-content\/uploads\/2022\/05\/WhatsApp-Image-2022-05-10-at-15.10.47.jpeg","articleSection":["Esperienze","Formazione","Notizie"],"inLanguage":"it-IT"},{"@type":"WebPage","@id":"https:\/\/asieci.it\/cms\/gruppo-asieci-emilia-romagna\/","url":"https:\/\/asieci.it\/cms\/gruppo-asieci-emilia-romagna\/","name":"Gruppo ASIECI Emilia Romagna - A.S.I.E.C.I.","isPartOf":{"@id":"https:\/\/asieci.it\/cms\/#website"},"primaryImageOfPage":{"@id":"https:\/\/asieci.it\/cms\/gruppo-asieci-emilia-romagna\/#primaryimage"},"image":{"@id":"https:\/\/asieci.it\/cms\/gruppo-asieci-emilia-romagna\/#primaryimage"},"thumbnailUrl":"https:\/\/asieci.it\/cms\/wp-content\/uploads\/2022\/05\/WhatsApp-Image-2022-05-10-at-15.10.47.jpeg","datePublished":"2022-05-14T16:51:58+00:00","dateModified":"2022-05-14T17:05:47+00:00","breadcrumb":{"@id":"https:\/\/asieci.it\/cms\/gruppo-asieci-emilia-romagna\/#breadcrumb"},"inLanguage":"it-IT","potentialAction":[{"@type":"ReadAction","target":["https:\/\/asieci.it\/cms\/gruppo-asieci-emilia-romagna\/"]}]},{"@type":"ImageObject","inLanguage":"it-IT","@id":"https:\/\/asieci.it\/cms\/gruppo-asieci-emilia-romagna\/#primaryimage","url":"https:\/\/asieci.it\/cms\/wp-content\/uploads\/2022\/05\/WhatsApp-Image-2022-05-10-at-15.10.47.jpeg","contentUrl":"https:\/\/asieci.it\/cms\/wp-content\/uploads\/2022\/05\/WhatsApp-Image-2022-05-10-at-15.10.47.jpeg","width":644,"height":790},{"@type":"BreadcrumbList","@id":"https:\/\/asieci.it\/cms\/gruppo-asieci-emilia-romagna\/#breadcrumb","itemListElement":[{"@type":"ListItem","position":1,"name":"Home","item":"https:\/\/asieci.it\/cms\/"},{"@type":"ListItem","position":2,"name":"Gruppo ASIECI Emilia Romagna"}]},{"@type":"WebSite","@id":"https:\/\/asieci.it\/cms\/#website","url":"https:\/\/asieci.it\/cms\/","name":"A.S.I.E.C.I.","description":"Associazione Scientifica Infermieri Esperti Comunicazione Ipnotica","publisher":{"@id":"https:\/\/asieci.it\/cms\/#organization"},"potentialAction":[{"@type":"SearchAction","target":{"@type":"EntryPoint","urlTemplate":"https:\/\/asieci.it\/cms\/?s={search_term_string}"},"query-input":"required name=search_term_string"}],"inLanguage":"it-IT"},{"@type":"Organization","@id":"https:\/\/asieci.it\/cms\/#organization","name":"ASIECI - Associazione Scientifica Infermieri Esperti Comunicazione Ipnotica","url":"https:\/\/asieci.it\/cms\/","logo":{"@type":"ImageObject","inLanguage":"it-IT","@id":"https:\/\/asieci.it\/cms\/#\/schema\/logo\/image\/","url":"https:\/\/asieci.it\/cms\/wp-content\/uploads\/2015\/12\/Logo.png","contentUrl":"https:\/\/asieci.it\/cms\/wp-content\/uploads\/2015\/12\/Logo.png","width":1025,"height":343,"caption":"ASIECI - Associazione Scientifica Infermieri Esperti Comunicazione Ipnotica"},"image":{"@id":"https:\/\/asieci.it\/cms\/#\/schema\/logo\/image\/"}},{"@type":"Person","@id":"https:\/\/asieci.it\/cms\/#\/schema\/person\/9d9f4cbdd38af6f5707d2ca07fe77855","name":"admin","image":{"@type":"ImageObject","inLanguage":"it-IT","@id":"https:\/\/asieci.it\/cms\/#\/schema\/person\/image\/","url":"https:\/\/secure.gravatar.com\/avatar\/66532d5a7693aa019d73b60d47ff5d5f?s=96&r=g","contentUrl":"https:\/\/secure.gravatar.com\/avatar\/66532d5a7693aa019d73b60d47ff5d5f?s=96&r=g","caption":"admin"},"url":"https:\/\/asieci.it\/cms\/author\/admin\/"}]}},"_links":{"self":[{"href":"https:\/\/asieci.it\/cms\/wp-json\/wp\/v2\/posts\/3979"}],"collection":[{"href":"https:\/\/asieci.it\/cms\/wp-json\/wp\/v2\/posts"}],"about":[{"href":"https:\/\/asieci.it\/cms\/wp-json\/wp\/v2\/types\/post"}],"author":[{"embeddable":true,"href":"https:\/\/asieci.it\/cms\/wp-json\/wp\/v2\/users\/94"}],"replies":[{"embeddable":true,"href":"https:\/\/asieci.it\/cms\/wp-json\/wp\/v2\/comments?post=3979"}],"version-history":[{"count":0,"href":"https:\/\/asieci.it\/cms\/wp-json\/wp\/v2\/posts\/3979\/revisions"}],"wp:featuredmedia":[{"embeddable":true,"href":"https:\/\/asieci.it\/cms\/wp-json\/wp\/v2\/media\/3983"}],"wp:attachment":[{"href":"https:\/\/asieci.it\/cms\/wp-json\/wp\/v2\/media?parent=3979"}],"wp:term":[{"taxonomy":"category","embeddable":true,"href":"https:\/\/asieci.it\/cms\/wp-json\/wp\/v2\/categories?post=3979"},{"taxonomy":"post_tag","embeddable":true,"href":"https:\/\/asieci.it\/cms\/wp-json\/wp\/v2\/tags?post=3979"}],"curies":[{"name":"wp","href":"https:\/\/api.w.org\/{rel}","templated":true}]}}