{"id":3089,"date":"2019-08-07T16:58:21","date_gmt":"2019-08-07T14:58:21","guid":{"rendered":"https:\/\/asieci.it\/cms\/?p=3089"},"modified":"2019-08-19T15:55:17","modified_gmt":"2019-08-19T13:55:17","slug":"operazione-chirurgica-al-cervello-paziente-ipnotizzato-niente-anestesia","status":"publish","type":"post","link":"https:\/\/asieci.it\/cms\/operazione-chirurgica-al-cervello-paziente-ipnotizzato-niente-anestesia\/","title":{"rendered":"Operazione chirurgica al cervello: paziente ipnotizzato, niente anestesia"},"content":{"rendered":"<p>[et_pb_section bb_built=&#8221;1&#8243; inner_width=&#8221;auto&#8221; inner_max_width=&#8221;1080px&#8221;][et_pb_row][et_pb_column type=&#8221;4_4&#8243; custom_padding__hover=&#8221;|||&#8221; custom_padding=&#8221;|||&#8221;][et_pb_text _builder_version=&#8221;3.27.1&#8243; text_text_shadow_horizontal_length=&#8221;text_text_shadow_style,%91object Object%93&#8243; text_text_shadow_horizontal_length_tablet=&#8221;0px&#8221; text_text_shadow_vertical_length=&#8221;text_text_shadow_style,%91object Object%93&#8243; text_text_shadow_vertical_length_tablet=&#8221;0px&#8221; text_text_shadow_blur_strength=&#8221;text_text_shadow_style,%91object Object%93&#8243; text_text_shadow_blur_strength_tablet=&#8221;1px&#8221; link_text_shadow_horizontal_length=&#8221;link_text_shadow_style,%91object Object%93&#8243; link_text_shadow_horizontal_length_tablet=&#8221;0px&#8221; link_text_shadow_vertical_length=&#8221;link_text_shadow_style,%91object Object%93&#8243; link_text_shadow_vertical_length_tablet=&#8221;0px&#8221; link_text_shadow_blur_strength=&#8221;link_text_shadow_style,%91object Object%93&#8243; link_text_shadow_blur_strength_tablet=&#8221;1px&#8221; ul_text_shadow_horizontal_length=&#8221;ul_text_shadow_style,%91object Object%93&#8243; ul_text_shadow_horizontal_length_tablet=&#8221;0px&#8221; ul_text_shadow_vertical_length=&#8221;ul_text_shadow_style,%91object Object%93&#8243; ul_text_shadow_vertical_length_tablet=&#8221;0px&#8221; ul_text_shadow_blur_strength=&#8221;ul_text_shadow_style,%91object Object%93&#8243; ul_text_shadow_blur_strength_tablet=&#8221;1px&#8221; ol_text_shadow_horizontal_length=&#8221;ol_text_shadow_style,%91object Object%93&#8243; ol_text_shadow_horizontal_length_tablet=&#8221;0px&#8221; ol_text_shadow_vertical_length=&#8221;ol_text_shadow_style,%91object Object%93&#8243; ol_text_shadow_vertical_length_tablet=&#8221;0px&#8221; ol_text_shadow_blur_strength=&#8221;ol_text_shadow_style,%91object Object%93&#8243; ol_text_shadow_blur_strength_tablet=&#8221;1px&#8221; quote_text_shadow_horizontal_length=&#8221;quote_text_shadow_style,%91object Object%93&#8243; quote_text_shadow_horizontal_length_tablet=&#8221;0px&#8221; quote_text_shadow_vertical_length=&#8221;quote_text_shadow_style,%91object Object%93&#8243; quote_text_shadow_vertical_length_tablet=&#8221;0px&#8221; quote_text_shadow_blur_strength=&#8221;quote_text_shadow_style,%91object Object%93&#8243; quote_text_shadow_blur_strength_tablet=&#8221;1px&#8221; header_text_shadow_horizontal_length=&#8221;header_text_shadow_style,%91object Object%93&#8243; header_text_shadow_horizontal_length_tablet=&#8221;0px&#8221; header_text_shadow_vertical_length=&#8221;header_text_shadow_style,%91object Object%93&#8243; header_text_shadow_vertical_length_tablet=&#8221;0px&#8221; header_text_shadow_blur_strength=&#8221;header_text_shadow_style,%91object Object%93&#8243; header_text_shadow_blur_strength_tablet=&#8221;1px&#8221; header_2_text_shadow_horizontal_length=&#8221;header_2_text_shadow_style,%91object Object%93&#8243; header_2_text_shadow_horizontal_length_tablet=&#8221;0px&#8221; header_2_text_shadow_vertical_length=&#8221;header_2_text_shadow_style,%91object Object%93&#8243; header_2_text_shadow_vertical_length_tablet=&#8221;0px&#8221; header_2_text_shadow_blur_strength=&#8221;header_2_text_shadow_style,%91object Object%93&#8243; header_2_text_shadow_blur_strength_tablet=&#8221;1px&#8221; header_3_text_shadow_horizontal_length=&#8221;header_3_text_shadow_style,%91object Object%93&#8243; header_3_text_shadow_horizontal_length_tablet=&#8221;0px&#8221; header_3_text_shadow_vertical_length=&#8221;header_3_text_shadow_style,%91object Object%93&#8243; header_3_text_shadow_vertical_length_tablet=&#8221;0px&#8221; header_3_text_shadow_blur_strength=&#8221;header_3_text_shadow_style,%91object Object%93&#8243; header_3_text_shadow_blur_strength_tablet=&#8221;1px&#8221; header_4_text_shadow_horizontal_length=&#8221;header_4_text_shadow_style,%91object Object%93&#8243; header_4_text_shadow_horizontal_length_tablet=&#8221;0px&#8221; header_4_text_shadow_vertical_length=&#8221;header_4_text_shadow_style,%91object Object%93&#8243; header_4_text_shadow_vertical_length_tablet=&#8221;0px&#8221; header_4_text_shadow_blur_strength=&#8221;header_4_text_shadow_style,%91object Object%93&#8243; header_4_text_shadow_blur_strength_tablet=&#8221;1px&#8221; header_5_text_shadow_horizontal_length=&#8221;header_5_text_shadow_style,%91object Object%93&#8243; header_5_text_shadow_horizontal_length_tablet=&#8221;0px&#8221; header_5_text_shadow_vertical_length=&#8221;header_5_text_shadow_style,%91object Object%93&#8243; header_5_text_shadow_vertical_length_tablet=&#8221;0px&#8221; header_5_text_shadow_blur_strength=&#8221;header_5_text_shadow_style,%91object Object%93&#8243; header_5_text_shadow_blur_strength_tablet=&#8221;1px&#8221; header_6_text_shadow_horizontal_length=&#8221;header_6_text_shadow_style,%91object Object%93&#8243; header_6_text_shadow_horizontal_length_tablet=&#8221;0px&#8221; header_6_text_shadow_vertical_length=&#8221;header_6_text_shadow_style,%91object Object%93&#8243; header_6_text_shadow_vertical_length_tablet=&#8221;0px&#8221; header_6_text_shadow_blur_strength=&#8221;header_6_text_shadow_style,%91object Object%93&#8243; header_6_text_shadow_blur_strength_tablet=&#8221;1px&#8221; box_shadow_horizontal_tablet=&#8221;0px&#8221; box_shadow_vertical_tablet=&#8221;0px&#8221; box_shadow_blur_tablet=&#8221;40px&#8221; box_shadow_spread_tablet=&#8221;0px&#8221; z_index_tablet=&#8221;500&#8243;]<\/p>\n<h3 style=\"text-align: left;\">Il corriere della sera &#8211; 2 Agosto 2019<\/h3>\n<p>\u00a0<\/p>\n<p><a href=\"https:\/\/milano.corriere.it\/notizie\/cronaca\/19_agosto_02\/operazione-chirurgica-cervello-paziente-ipnotizzato-niente-anestesia-da2be436-b4ee-11e9-8f02-33360bc8762b.shtml\">https:\/\/milano.corriere.it\/notizie\/cronaca\/19_agosto_02\/operazione-chirurgica-cervello-paziente-ipnotizzato-niente-anestesia-da2be436-b4ee-11e9-8f02-33360bc8762b.shtml<\/a><\/p>\n<p>\u00a0<\/p>\n<div class=\"chapter\">\n<p class=\"chapter-paragraph\">\u00abHo rivissuto i miei inverni da bambino, con gli amici. Ci tiravamo le palle di neve senza guanti, finch\u00e9, dal gelo, non sentivamo pi\u00f9 le mani. Ho sentito la voce del dottore che mi diceva che sarebbe successa la stessa cosa alla mia testa. E cos\u00ec, mentre mi operavano, ho sentito i rumori dei ferri, ho sentito l\u2019acqua che scorreva dentro la testa, ma non ho avvertito dolore, se non un attimo, come l\u2019anestesia dal dentista\u00bb.<br \/>Piero De Bernardi, 69 anni, meccanico in pensione, fino a mercoled\u00ec scorso non riusciva pi\u00f9 a muovere la gamba e il braccio sinistro, a causa di una paresi, provocata da un ematoma nel lato destro del cranio. Ieri, invece, camminava tranquillo fra i corridoi del reparto di Neurochirurgia dell\u2019Ospedale di Legnano. Niente stress da intervento, nessuna anestesia da smaltire. Piero \u00e8 stato il primo paziente del nosocomio ad essere operato sotto ipnosi, anzich\u00e9 sotto anestesia. In Italia sono rarissimi i casi di utilizzo di questa tecnica in neurochirurgia: al momento esistono solo tre pubblicazioni.<\/p>\n<p>\u00a0<\/p>\n<\/div>\n<h4>Accedi all\u2019area riservata per leggere OLTRE<\/h4>\n<p><!--more--><\/p>\n<div class=\"chapter\">\n<p>\u00a0<\/p>\n<p class=\"chapter-paragraph\">A indurre il paziente nello stato di trance \u00e8 stato Andrea Cividini, 37 anni, neurochirurgo in servizio a Legnano, che si sta diplomando al \u00abCentro italiano ipnosi clinico sperimentale\u00bb di Torino. Mentre Cividini faceva le veci dell\u2019anestesista (presente, in via precauzionale), il primario Roberto Stefini eseguiva l\u2019aspirazione dell\u2019ematoma. \u00abQuando il collega mi ha parlato della sua intenzione di studiare l\u2019ipnosi, ero scettico. Oggi non lo sono pi\u00f9. Grazie a questo metodo, al paziente non sono state somministrate terapie anestetiche o antidolorifiche. Pensiamo di ripeterne l\u2019utilizzo, nei pazienti idonei\u00bb, sottolinea il primario. Per capire se Piero lo fosse, Cividini gli ha fatto tre sedute propedeutiche. \u00abPer vedere se andava in trance e per verificare con l\u2019encefalogramma se il cervello sviluppava le onde dell\u2019ipnosi\u00bb, spiega l\u2019ipnologo.<\/p>\n<\/div>\n<div class=\"chapter\">\n<p class=\"chapter-paragraph\">Durante l\u2019intervento, Piero ha mostrato fastidio solo nel momento della separazione fra pelle e ossa. A quel punto il primario ha optato per una piccola anestesia locale. \u00abHo cominciato a studiare l\u2019ipnosi dopo aver letto alcuni scritti di Carl Gustav Jung \u2014 racconta Cividini \u2014. Il fascino di questo stato fisiologico \u00e8 che si spegne la mente conscia e tutto dipende da quella inconscia. Quello che ho fatto con il paziente \u00e8 stato riportarlo a quel luogo sicuro e di benessere che ognuno di noi ha dentro di s\u00e9. Un ricordo in grado di fargli sviluppare la capacit\u00e0 di non sentire dolore\u00bb.<\/p>\n<\/div>\n<div class=\"chapter\">\n<p class=\"chapter-paragraph\">Al risveglio, Piero era sereno. \u00abIl dottore mi ha tenuto la mano. \u00c8 stato il mio angelo custode. Ora posso andare a casa. A settembre devo accompagnare mia figlia all\u2019altare\u00bb, racconta commosso, accanto alla moglie, Piera. La coppia vive a Buscate. Piero, appassionato cicloamatore, il 14 giugno scorso fa una brutta caduta. Pensa di essersela cavata con un po\u2019 di escoriazioni. Invece, la settimana scorsa, al mare a Cesenatico, accusa persistenti mal di testa. Tornati a casa, un giorno, Piera lo trova a terra: le gambe non rispondono pi\u00f9. A Legnano scoprono l\u2019ematoma e gli parlano dell\u2019ipnosi. \u00abHo due figlie, Monica e poi Chiara, che fa l\u2019ostetrica e lei mi ha detto: \u201cprova, pap\u00e0\u201d. E io mi sono fatto forza, anche se avevo paura\u00bb. Ieri il dottor Cividini schivava i complimenti: \u00abMa no, il merito \u00e8 soprattutto del paziente\u00bb.<\/p>\n<\/div>\n<p>[\/et_pb_text][\/et_pb_column][\/et_pb_row][\/et_pb_section]<\/p>\n","protected":false},"excerpt":{"rendered":"<p><div class=\"et_pb_row et_pb_row_0 et_pb_row_empty\">\n\t\t\t\t\n\t\t\t\t\n\t\t\t\t\n\t\t\t\t\n\t\t\t\t\n\t\t\t<\/div> Il corriere della sera &#8211; 2 Agosto 2019\u00a0https:\/\/milano.corriere.it\/notizie\/cronaca\/19_agosto_02\/operazione-chirurgica-cervello-paziente-ipnotizzato-niente-anestesia-da2be436-b4ee-11e9-8f02-33360bc8762b.shtml\u00a0\u00abHo rivissuto i miei inverni da bambino, con gli amici. Ci tiravamo le palle di neve senza guanti, finch\u00e9, dal gelo, non [&hellip;]<\/p>\n","protected":false},"author":94,"featured_media":3090,"comment_status":"closed","ping_status":"closed","sticky":false,"template":"","format":"standard","meta":{"_et_pb_use_builder":"on","_et_pb_old_content":"<p style=\"text-align: center;\">\u00a0<\/p><p>\u00abHo rivissuto i miei inverni da bambino, con gli amici. Ci tiravamo le palle di neve senza guanti, finch\u00e9, dal gelo, non sentivamo pi\u00f9 le mani. Ho sentito la voce del dottore che mi diceva che sarebbe successa la stessa cosa alla mia testa. E cos\u00ec, mentre mi operavano, ho sentito i rumori dei ferri, ho sentito l\u2019acqua che scorreva dentro la testa, ma non ho avvertito dolore, se non un attimo, come l\u2019anestesia dal dentista\u00bb.<\/p><div class=\"chapter\"><p class=\"chapter-paragraph\">Piero De Bernardi, 69 anni, meccanico in pensione, fino a mercoled\u00ec scorso non riusciva pi\u00f9 a muovere la gamba e il braccio sinistro, a causa di una paresi, provocata da un ematoma nel lato destro del cranio. Ieri, invece, camminava tranquillo fra i corridoi del reparto di Neurochirurgia dell\u2019Ospedale di Legnano. Niente stress da intervento, nessuna anestesia da smaltire. Piero \u00e8 stato il primo paziente del nosocomio ad essere operato sotto ipnosi, anzich\u00e9 sotto anestesia. In Italia sono rarissimi i casi di utilizzo di questa tecnica in neurochirurgia: al momento esistono solo tre pubblicazioni.<\/p><\/div><div class=\"chapter\"><p class=\"chapter-paragraph\">A indurre il paziente nello stato di trance \u00e8 stato Andrea Cividini, 37 anni, neurochirurgo in servizio a Legnano, che si sta diplomando al \u00abCentro italiano ipnosi clinico sperimentale\u00bb di Torino. Mentre Cividini faceva le veci dell\u2019anestesista (presente, in via precauzionale), il primario Roberto Stefini eseguiva l\u2019aspirazione dell\u2019ematoma. \u00abQuando il collega mi ha parlato della sua intenzione di studiare l\u2019ipnosi, ero scettico. Oggi non lo sono pi\u00f9. Grazie a questo metodo, al paziente non sono state somministrate terapie anestetiche o antidolorifiche. Pensiamo di ripeterne l\u2019utilizzo, nei pazienti idonei\u00bb, sottolinea il primario. Per capire se Piero lo fosse, Cividini gli ha fatto tre sedute propedeutiche. \u00abPer vedere se andava in trance e per verificare con l\u2019encefalogramma se il cervello sviluppava le onde dell\u2019ipnosi\u00bb, spiega l\u2019ipnologo.<\/p><\/div><div class=\"chapter\"><p class=\"chapter-paragraph\">Durante l\u2019intervento, Piero ha mostrato fastidio solo nel momento della separazione fra pelle e ossa. A quel punto il primario ha optato per una piccola anestesia locale. \u00abHo cominciato a studiare l\u2019ipnosi dopo aver letto alcuni scritti di Carl Gustav Jung \u2014 racconta Cividini \u2014. Il fascino di questo stato fisiologico \u00e8 che si spegne la mente conscia e tutto dipende da quella inconscia. Quello che ho fatto con il paziente \u00e8 stato riportarlo a quel luogo sicuro e di benessere che ognuno di noi ha dentro di s\u00e9. Un ricordo in grado di fargli sviluppare la capacit\u00e0 di non sentire dolore\u00bb.<\/p><\/div><div class=\"chapter\"><p class=\"chapter-paragraph\">Al risveglio, Piero era sereno. \u00abIl dottore mi ha tenuto la mano. \u00c8 stato il mio angelo custode. Ora posso andare a casa. A settembre devo accompagnare mia figlia all\u2019altare\u00bb, racconta commosso, accanto alla moglie, Piera. La coppia vive a Buscate. Piero, appassionato cicloamatore, il 14 giugno scorso fa una brutta caduta. Pensa di essersela cavata con un po\u2019 di escoriazioni. Invece, la settimana scorsa, al mare a Cesenatico, accusa persistenti mal di testa. Tornati a casa, un giorno, Piera lo trova a terra: le gambe non rispondono pi\u00f9. A Legnano scoprono l\u2019ematoma e gli parlano dell\u2019ipnosi. \u00abHo due figlie, Monica e poi Chiara, che fa l\u2019ostetrica e lei mi ha detto: \u201cprova, pap\u00e0\u201d. E io mi sono fatto forza, anche se avevo paura\u00bb. Ieri il dottor Cividini schivava i complimenti: \u00abMa no, il merito \u00e8 soprattutto del paziente\u00bb.<\/p><\/div>","_et_gb_content_width":"","footnotes":""},"categories":[23,69],"tags":[],"yoast_head":"<!-- This site is optimized with the Yoast SEO plugin v22.8 - https:\/\/yoast.com\/wordpress\/plugins\/seo\/ -->\n<title>Operazione chirurgica al cervello: paziente ipnotizzato, niente anestesia - A.S.I.E.C.I.<\/title>\n<meta name=\"robots\" content=\"index, follow, max-snippet:-1, max-image-preview:large, max-video-preview:-1\" \/>\n<link rel=\"canonical\" href=\"https:\/\/asieci.it\/cms\/operazione-chirurgica-al-cervello-paziente-ipnotizzato-niente-anestesia\/\" \/>\n<meta property=\"og:locale\" content=\"it_IT\" \/>\n<meta property=\"og:type\" content=\"article\" \/>\n<meta property=\"og:title\" content=\"Operazione chirurgica al cervello: paziente ipnotizzato, niente anestesia - A.S.I.E.C.I.\" \/>\n<meta property=\"og:description\" content=\"Il corriere della sera - 2 Agosto 2019\u00a0https:\/\/milano.corriere.it\/notizie\/cronaca\/19_agosto_02\/operazione-chirurgica-cervello-paziente-ipnotizzato-niente-anestesia-da2be436-b4ee-11e9-8f02-33360bc8762b.shtml\u00a0\u00abHo rivissuto i miei inverni da bambino, con gli amici. Ci tiravamo le palle di neve senza guanti, finch\u00e9, dal gelo, non [&hellip;]\" \/>\n<meta property=\"og:url\" content=\"https:\/\/asieci.it\/cms\/operazione-chirurgica-al-cervello-paziente-ipnotizzato-niente-anestesia\/\" \/>\n<meta property=\"og:site_name\" content=\"A.S.I.E.C.I.\" \/>\n<meta property=\"article:published_time\" content=\"2019-08-07T14:58:21+00:00\" \/>\n<meta property=\"article:modified_time\" content=\"2019-08-19T13:55:17+00:00\" \/>\n<meta property=\"og:image\" content=\"https:\/\/asieci.it\/cms\/wp-content\/uploads\/2019\/08\/13524145-u31301270889819xwe-452x276corriere-print-nazionale1-kkyh-u31301290745519dsc-656x492corriere-web-milano_MASTER.jpg\" \/>\n\t<meta property=\"og:image:width\" content=\"656\" \/>\n\t<meta property=\"og:image:height\" content=\"492\" \/>\n\t<meta property=\"og:image:type\" content=\"image\/jpeg\" \/>\n<meta name=\"author\" content=\"admin\" \/>\n<meta name=\"twitter:label1\" content=\"Scritto da\" \/>\n\t<meta name=\"twitter:data1\" content=\"admin\" \/>\n\t<meta name=\"twitter:label2\" content=\"Tempo di lettura stimato\" \/>\n\t<meta name=\"twitter:data2\" content=\"6 minuti\" \/>\n<script type=\"application\/ld+json\" class=\"yoast-schema-graph\">{\"@context\":\"https:\/\/schema.org\",\"@graph\":[{\"@type\":\"Article\",\"@id\":\"https:\/\/asieci.it\/cms\/operazione-chirurgica-al-cervello-paziente-ipnotizzato-niente-anestesia\/#article\",\"isPartOf\":{\"@id\":\"https:\/\/asieci.it\/cms\/operazione-chirurgica-al-cervello-paziente-ipnotizzato-niente-anestesia\/\"},\"author\":{\"name\":\"admin\",\"@id\":\"https:\/\/asieci.it\/cms\/#\/schema\/person\/9d9f4cbdd38af6f5707d2ca07fe77855\"},\"headline\":\"Operazione chirurgica al cervello: paziente ipnotizzato, niente anestesia\",\"datePublished\":\"2019-08-07T14:58:21+00:00\",\"dateModified\":\"2019-08-19T13:55:17+00:00\",\"mainEntityOfPage\":{\"@id\":\"https:\/\/asieci.it\/cms\/operazione-chirurgica-al-cervello-paziente-ipnotizzato-niente-anestesia\/\"},\"wordCount\":1238,\"publisher\":{\"@id\":\"https:\/\/asieci.it\/cms\/#organization\"},\"image\":{\"@id\":\"https:\/\/asieci.it\/cms\/operazione-chirurgica-al-cervello-paziente-ipnotizzato-niente-anestesia\/#primaryimage\"},\"thumbnailUrl\":\"https:\/\/asieci.it\/cms\/wp-content\/uploads\/2019\/08\/13524145-u31301270889819xwe-452x276corriere-print-nazionale1-kkyh-u31301290745519dsc-656x492corriere-web-milano_MASTER.jpg\",\"articleSection\":[\"Area Riservata\",\"Rassegna Stampa\"],\"inLanguage\":\"it-IT\"},{\"@type\":\"WebPage\",\"@id\":\"https:\/\/asieci.it\/cms\/operazione-chirurgica-al-cervello-paziente-ipnotizzato-niente-anestesia\/\",\"url\":\"https:\/\/asieci.it\/cms\/operazione-chirurgica-al-cervello-paziente-ipnotizzato-niente-anestesia\/\",\"name\":\"Operazione chirurgica al cervello: paziente ipnotizzato, niente anestesia - A.S.I.E.C.I.\",\"isPartOf\":{\"@id\":\"https:\/\/asieci.it\/cms\/#website\"},\"primaryImageOfPage\":{\"@id\":\"https:\/\/asieci.it\/cms\/operazione-chirurgica-al-cervello-paziente-ipnotizzato-niente-anestesia\/#primaryimage\"},\"image\":{\"@id\":\"https:\/\/asieci.it\/cms\/operazione-chirurgica-al-cervello-paziente-ipnotizzato-niente-anestesia\/#primaryimage\"},\"thumbnailUrl\":\"https:\/\/asieci.it\/cms\/wp-content\/uploads\/2019\/08\/13524145-u31301270889819xwe-452x276corriere-print-nazionale1-kkyh-u31301290745519dsc-656x492corriere-web-milano_MASTER.jpg\",\"datePublished\":\"2019-08-07T14:58:21+00:00\",\"dateModified\":\"2019-08-19T13:55:17+00:00\",\"breadcrumb\":{\"@id\":\"https:\/\/asieci.it\/cms\/operazione-chirurgica-al-cervello-paziente-ipnotizzato-niente-anestesia\/#breadcrumb\"},\"inLanguage\":\"it-IT\",\"potentialAction\":[{\"@type\":\"ReadAction\",\"target\":[\"https:\/\/asieci.it\/cms\/operazione-chirurgica-al-cervello-paziente-ipnotizzato-niente-anestesia\/\"]}]},{\"@type\":\"ImageObject\",\"inLanguage\":\"it-IT\",\"@id\":\"https:\/\/asieci.it\/cms\/operazione-chirurgica-al-cervello-paziente-ipnotizzato-niente-anestesia\/#primaryimage\",\"url\":\"https:\/\/asieci.it\/cms\/wp-content\/uploads\/2019\/08\/13524145-u31301270889819xwe-452x276corriere-print-nazionale1-kkyh-u31301290745519dsc-656x492corriere-web-milano_MASTER.jpg\",\"contentUrl\":\"https:\/\/asieci.it\/cms\/wp-content\/uploads\/2019\/08\/13524145-u31301270889819xwe-452x276corriere-print-nazionale1-kkyh-u31301290745519dsc-656x492corriere-web-milano_MASTER.jpg\",\"width\":656,\"height\":492},{\"@type\":\"BreadcrumbList\",\"@id\":\"https:\/\/asieci.it\/cms\/operazione-chirurgica-al-cervello-paziente-ipnotizzato-niente-anestesia\/#breadcrumb\",\"itemListElement\":[{\"@type\":\"ListItem\",\"position\":1,\"name\":\"Home\",\"item\":\"https:\/\/asieci.it\/cms\/\"},{\"@type\":\"ListItem\",\"position\":2,\"name\":\"Operazione chirurgica al cervello: paziente ipnotizzato, niente anestesia\"}]},{\"@type\":\"WebSite\",\"@id\":\"https:\/\/asieci.it\/cms\/#website\",\"url\":\"https:\/\/asieci.it\/cms\/\",\"name\":\"A.S.I.E.C.I.\",\"description\":\"Associazione Scientifica Infermieri Esperti Comunicazione Ipnotica\",\"publisher\":{\"@id\":\"https:\/\/asieci.it\/cms\/#organization\"},\"potentialAction\":[{\"@type\":\"SearchAction\",\"target\":{\"@type\":\"EntryPoint\",\"urlTemplate\":\"https:\/\/asieci.it\/cms\/?s={search_term_string}\"},\"query-input\":\"required name=search_term_string\"}],\"inLanguage\":\"it-IT\"},{\"@type\":\"Organization\",\"@id\":\"https:\/\/asieci.it\/cms\/#organization\",\"name\":\"ASIECI - Associazione Scientifica Infermieri Esperti Comunicazione Ipnotica\",\"url\":\"https:\/\/asieci.it\/cms\/\",\"logo\":{\"@type\":\"ImageObject\",\"inLanguage\":\"it-IT\",\"@id\":\"https:\/\/asieci.it\/cms\/#\/schema\/logo\/image\/\",\"url\":\"https:\/\/asieci.it\/cms\/wp-content\/uploads\/2015\/12\/Logo.png\",\"contentUrl\":\"https:\/\/asieci.it\/cms\/wp-content\/uploads\/2015\/12\/Logo.png\",\"width\":1025,\"height\":343,\"caption\":\"ASIECI - Associazione Scientifica Infermieri Esperti Comunicazione Ipnotica\"},\"image\":{\"@id\":\"https:\/\/asieci.it\/cms\/#\/schema\/logo\/image\/\"}},{\"@type\":\"Person\",\"@id\":\"https:\/\/asieci.it\/cms\/#\/schema\/person\/9d9f4cbdd38af6f5707d2ca07fe77855\",\"name\":\"admin\",\"image\":{\"@type\":\"ImageObject\",\"inLanguage\":\"it-IT\",\"@id\":\"https:\/\/asieci.it\/cms\/#\/schema\/person\/image\/\",\"url\":\"https:\/\/secure.gravatar.com\/avatar\/66532d5a7693aa019d73b60d47ff5d5f?s=96&r=g\",\"contentUrl\":\"https:\/\/secure.gravatar.com\/avatar\/66532d5a7693aa019d73b60d47ff5d5f?s=96&r=g\",\"caption\":\"admin\"},\"url\":\"https:\/\/asieci.it\/cms\/author\/admin\/\"}]}<\/script>\n<!-- \/ Yoast SEO plugin. -->","yoast_head_json":{"title":"Operazione chirurgica al cervello: paziente ipnotizzato, niente anestesia - A.S.I.E.C.I.","robots":{"index":"index","follow":"follow","max-snippet":"max-snippet:-1","max-image-preview":"max-image-preview:large","max-video-preview":"max-video-preview:-1"},"canonical":"https:\/\/asieci.it\/cms\/operazione-chirurgica-al-cervello-paziente-ipnotizzato-niente-anestesia\/","og_locale":"it_IT","og_type":"article","og_title":"Operazione chirurgica al cervello: paziente ipnotizzato, niente anestesia - A.S.I.E.C.I.","og_description":"Il corriere della sera - 2 Agosto 2019\u00a0https:\/\/milano.corriere.it\/notizie\/cronaca\/19_agosto_02\/operazione-chirurgica-cervello-paziente-ipnotizzato-niente-anestesia-da2be436-b4ee-11e9-8f02-33360bc8762b.shtml\u00a0\u00abHo rivissuto i miei inverni da bambino, con gli amici. Ci tiravamo le palle di neve senza guanti, finch\u00e9, dal gelo, non [&hellip;]","og_url":"https:\/\/asieci.it\/cms\/operazione-chirurgica-al-cervello-paziente-ipnotizzato-niente-anestesia\/","og_site_name":"A.S.I.E.C.I.","article_published_time":"2019-08-07T14:58:21+00:00","article_modified_time":"2019-08-19T13:55:17+00:00","og_image":[{"width":656,"height":492,"url":"https:\/\/asieci.it\/cms\/wp-content\/uploads\/2019\/08\/13524145-u31301270889819xwe-452x276corriere-print-nazionale1-kkyh-u31301290745519dsc-656x492corriere-web-milano_MASTER.jpg","type":"image\/jpeg"}],"author":"admin","twitter_misc":{"Scritto da":"admin","Tempo di lettura stimato":"6 minuti"},"schema":{"@context":"https:\/\/schema.org","@graph":[{"@type":"Article","@id":"https:\/\/asieci.it\/cms\/operazione-chirurgica-al-cervello-paziente-ipnotizzato-niente-anestesia\/#article","isPartOf":{"@id":"https:\/\/asieci.it\/cms\/operazione-chirurgica-al-cervello-paziente-ipnotizzato-niente-anestesia\/"},"author":{"name":"admin","@id":"https:\/\/asieci.it\/cms\/#\/schema\/person\/9d9f4cbdd38af6f5707d2ca07fe77855"},"headline":"Operazione chirurgica al cervello: paziente ipnotizzato, niente anestesia","datePublished":"2019-08-07T14:58:21+00:00","dateModified":"2019-08-19T13:55:17+00:00","mainEntityOfPage":{"@id":"https:\/\/asieci.it\/cms\/operazione-chirurgica-al-cervello-paziente-ipnotizzato-niente-anestesia\/"},"wordCount":1238,"publisher":{"@id":"https:\/\/asieci.it\/cms\/#organization"},"image":{"@id":"https:\/\/asieci.it\/cms\/operazione-chirurgica-al-cervello-paziente-ipnotizzato-niente-anestesia\/#primaryimage"},"thumbnailUrl":"https:\/\/asieci.it\/cms\/wp-content\/uploads\/2019\/08\/13524145-u31301270889819xwe-452x276corriere-print-nazionale1-kkyh-u31301290745519dsc-656x492corriere-web-milano_MASTER.jpg","articleSection":["Area Riservata","Rassegna Stampa"],"inLanguage":"it-IT"},{"@type":"WebPage","@id":"https:\/\/asieci.it\/cms\/operazione-chirurgica-al-cervello-paziente-ipnotizzato-niente-anestesia\/","url":"https:\/\/asieci.it\/cms\/operazione-chirurgica-al-cervello-paziente-ipnotizzato-niente-anestesia\/","name":"Operazione chirurgica al cervello: paziente ipnotizzato, niente anestesia - A.S.I.E.C.I.","isPartOf":{"@id":"https:\/\/asieci.it\/cms\/#website"},"primaryImageOfPage":{"@id":"https:\/\/asieci.it\/cms\/operazione-chirurgica-al-cervello-paziente-ipnotizzato-niente-anestesia\/#primaryimage"},"image":{"@id":"https:\/\/asieci.it\/cms\/operazione-chirurgica-al-cervello-paziente-ipnotizzato-niente-anestesia\/#primaryimage"},"thumbnailUrl":"https:\/\/asieci.it\/cms\/wp-content\/uploads\/2019\/08\/13524145-u31301270889819xwe-452x276corriere-print-nazionale1-kkyh-u31301290745519dsc-656x492corriere-web-milano_MASTER.jpg","datePublished":"2019-08-07T14:58:21+00:00","dateModified":"2019-08-19T13:55:17+00:00","breadcrumb":{"@id":"https:\/\/asieci.it\/cms\/operazione-chirurgica-al-cervello-paziente-ipnotizzato-niente-anestesia\/#breadcrumb"},"inLanguage":"it-IT","potentialAction":[{"@type":"ReadAction","target":["https:\/\/asieci.it\/cms\/operazione-chirurgica-al-cervello-paziente-ipnotizzato-niente-anestesia\/"]}]},{"@type":"ImageObject","inLanguage":"it-IT","@id":"https:\/\/asieci.it\/cms\/operazione-chirurgica-al-cervello-paziente-ipnotizzato-niente-anestesia\/#primaryimage","url":"https:\/\/asieci.it\/cms\/wp-content\/uploads\/2019\/08\/13524145-u31301270889819xwe-452x276corriere-print-nazionale1-kkyh-u31301290745519dsc-656x492corriere-web-milano_MASTER.jpg","contentUrl":"https:\/\/asieci.it\/cms\/wp-content\/uploads\/2019\/08\/13524145-u31301270889819xwe-452x276corriere-print-nazionale1-kkyh-u31301290745519dsc-656x492corriere-web-milano_MASTER.jpg","width":656,"height":492},{"@type":"BreadcrumbList","@id":"https:\/\/asieci.it\/cms\/operazione-chirurgica-al-cervello-paziente-ipnotizzato-niente-anestesia\/#breadcrumb","itemListElement":[{"@type":"ListItem","position":1,"name":"Home","item":"https:\/\/asieci.it\/cms\/"},{"@type":"ListItem","position":2,"name":"Operazione chirurgica al cervello: paziente ipnotizzato, niente anestesia"}]},{"@type":"WebSite","@id":"https:\/\/asieci.it\/cms\/#website","url":"https:\/\/asieci.it\/cms\/","name":"A.S.I.E.C.I.","description":"Associazione Scientifica Infermieri Esperti Comunicazione Ipnotica","publisher":{"@id":"https:\/\/asieci.it\/cms\/#organization"},"potentialAction":[{"@type":"SearchAction","target":{"@type":"EntryPoint","urlTemplate":"https:\/\/asieci.it\/cms\/?s={search_term_string}"},"query-input":"required name=search_term_string"}],"inLanguage":"it-IT"},{"@type":"Organization","@id":"https:\/\/asieci.it\/cms\/#organization","name":"ASIECI - Associazione Scientifica Infermieri Esperti Comunicazione Ipnotica","url":"https:\/\/asieci.it\/cms\/","logo":{"@type":"ImageObject","inLanguage":"it-IT","@id":"https:\/\/asieci.it\/cms\/#\/schema\/logo\/image\/","url":"https:\/\/asieci.it\/cms\/wp-content\/uploads\/2015\/12\/Logo.png","contentUrl":"https:\/\/asieci.it\/cms\/wp-content\/uploads\/2015\/12\/Logo.png","width":1025,"height":343,"caption":"ASIECI - Associazione Scientifica Infermieri Esperti Comunicazione Ipnotica"},"image":{"@id":"https:\/\/asieci.it\/cms\/#\/schema\/logo\/image\/"}},{"@type":"Person","@id":"https:\/\/asieci.it\/cms\/#\/schema\/person\/9d9f4cbdd38af6f5707d2ca07fe77855","name":"admin","image":{"@type":"ImageObject","inLanguage":"it-IT","@id":"https:\/\/asieci.it\/cms\/#\/schema\/person\/image\/","url":"https:\/\/secure.gravatar.com\/avatar\/66532d5a7693aa019d73b60d47ff5d5f?s=96&r=g","contentUrl":"https:\/\/secure.gravatar.com\/avatar\/66532d5a7693aa019d73b60d47ff5d5f?s=96&r=g","caption":"admin"},"url":"https:\/\/asieci.it\/cms\/author\/admin\/"}]}},"_links":{"self":[{"href":"https:\/\/asieci.it\/cms\/wp-json\/wp\/v2\/posts\/3089"}],"collection":[{"href":"https:\/\/asieci.it\/cms\/wp-json\/wp\/v2\/posts"}],"about":[{"href":"https:\/\/asieci.it\/cms\/wp-json\/wp\/v2\/types\/post"}],"author":[{"embeddable":true,"href":"https:\/\/asieci.it\/cms\/wp-json\/wp\/v2\/users\/94"}],"replies":[{"embeddable":true,"href":"https:\/\/asieci.it\/cms\/wp-json\/wp\/v2\/comments?post=3089"}],"version-history":[{"count":0,"href":"https:\/\/asieci.it\/cms\/wp-json\/wp\/v2\/posts\/3089\/revisions"}],"wp:featuredmedia":[{"embeddable":true,"href":"https:\/\/asieci.it\/cms\/wp-json\/wp\/v2\/media\/3090"}],"wp:attachment":[{"href":"https:\/\/asieci.it\/cms\/wp-json\/wp\/v2\/media?parent=3089"}],"wp:term":[{"taxonomy":"category","embeddable":true,"href":"https:\/\/asieci.it\/cms\/wp-json\/wp\/v2\/categories?post=3089"},{"taxonomy":"post_tag","embeddable":true,"href":"https:\/\/asieci.it\/cms\/wp-json\/wp\/v2\/tags?post=3089"}],"curies":[{"name":"wp","href":"https:\/\/api.w.org\/{rel}","templated":true}]}}