{"id":1669,"date":"2016-02-17T15:24:01","date_gmt":"2016-02-17T14:24:01","guid":{"rendered":"https:\/\/asieci.it\/cms\/?p=1669"},"modified":"2016-04-28T14:37:20","modified_gmt":"2016-04-28T12:37:20","slug":"la-gestione-dellansia-e-del-dolore-nel-peri-operatorio-in-sala-operatoria-andrea-di-ruvo-riservata-ai-soci","status":"publish","type":"post","link":"https:\/\/asieci.it\/cms\/la-gestione-dellansia-e-del-dolore-nel-peri-operatorio-in-sala-operatoria-andrea-di-ruvo-riservata-ai-soci\/","title":{"rendered":"La gestione dell&#8217;ansia e del dolore nel peri-operatorio in sala operatoria &#8211; Andrea Di Ruvo"},"content":{"rendered":"<h4>L&#8217;obiettivo di questo elaborato \u00e8 di esporre un&#8217;esperienza sull&#8217;efficacia dell&#8217;introduzione della comunicazione ipnotica nell&#8217;immediato periodo pre e post-operatorio del blocco operatorio DEA del presidio sanitario C.T.O. dell&#8217;Azienda Ospedaliera Universitaria Citt\u00e0 della Salute e della Scienza di Torino.<\/h4>\n<h4>L\u2019idea di questo studio nasce dopo aver frequentato il corso base di ipnosi clinica e comunicazione ipnotica del Centro italiano di Ipnosi Clinico-Sperimentale. Durante questo corso ho avuto modo di apprendere il valore della relazione terapeutica all&#8217;interno della quale si colloca ogni tipo di comunicazione col paziente. Il valore della relazione era gi\u00e0 stato approfondito durante il corso di laurea in infermieristica e durante gli anni di professione come infermiere, ma l&#8217;ottica con cui abbiamo guardato la relazione col paziente \u00e8 stata completamente diversa sotto diversi aspetti. Innanzitutto, durante la mia formazione, mi \u00e8 stato insegnato ad essere un punto di riferimento per il paziente, a rassicurarlo, ma nessuno mi aveva mai insegnato come fare. Cos\u00ec, con l&#8217;esperienza, avevo maturato alcuni \u201ccomportamenti relazionali\u201d caratterizzati anche da alcuni comuni errori come, ad esempio, dire ad un paziente che entra in sala operatoria giustamente spaventato: \u201cnon si preoccupi, andr\u00e0 tutto bene, \u00e8 una sciocchezza\u201d evidentemente con l\u2019intento di sostenere il paziente ma con il risultato di mantenere una certa distanza tra bisogno e capacit\u00e0 di rispondere in modo adeguato. L&#8217;insuccesso e la poca soddisfazione dovuti a questo atteggiamento relazionale mi ha spinto a volere approfondire la comunicazione e alcune tecniche per poter essere pi\u00f9 efficacie e di aiuto al paziente.<\/h4>\n<h4>Durante il corso base di ipnosi clinica e comunicazione ipnotica ho compreso come quegli strumenti fossero gi\u00e0 contenuti nella mia professione di infermiere come, ad esempio, la creazione di un rapporto di empatia, la conoscenza diretta del paziente chiamandolo per nome, l&#8217;attenzione al paziente come persona. La riscoperta di questi elementi, attraverso l&#8217;uso della comunicazione ipnotica e dell\u2019uso consapevole di questa tecnica comunicativa mi ha permesso di essere un miglior professionista della salute, risultando pi\u00f9 efficacie, e mi ha anche arricchito molto come persona. Il contesto dove si \u00e8 svolto lo studio \u00e8 quello della sala operatoria, reparto dove svolgo la mia professione infermieristica. All&#8217;interno di questo contesto operativo la relazione col paziente e la comunicazione assumono una valenza estremamente importante e delicata.<\/h4>\n<p><!--more--><\/p>\n<h4><a href=\"https:\/\/asieci.it\/cms\/wp-content\/uploads\/2016\/02\/Andrea-Di-Ruvo.pdf\" target=\"_blank\"><img loading=\"lazy\" decoding=\"async\" class=\"alignleft wp-image-1200 size-full\" src=\"https:\/\/asieci.it\/cms\/wp-content\/uploads\/2015\/12\/PDF120.png\" alt=\"PDF120\" width=\"120\" height=\"121\" \/><\/a>\u201c<em>La comunicazione, si sa, \u00e8 un processo complesso e dalle molte sfaccettature&#8230;La comunicazione sanitaria \u00e8 sicuramente particolare, in quanto non solo va fatta e gestita in un contesto difficile, non solo per le parole da dire, ma anche per il clima stesso, imbevuto di sentimenti, sensazioni, paure, ansie<\/em>\u201d (Borrella, 2009, p. 13).<\/h4>\n<h3>Come si evince da questa frase, la cornice in cui si \u00e8 scelto di portare avanti lo studio \u00e8 sicuramente particolare e la carica emotiva che \u00e8 presente ha giocato un ruolo molto importante nella comunicazione ipnotica<\/h3>\n<h3><a href=\"https:\/\/asieci.it\/cms\/wp-content\/uploads\/2016\/02\/Andrea-Di-Ruvo.pdf\" target=\"_blank\"><u>Accedi all\u2019area riservata per leggere la tesi<\/u><\/a><\/h3>\n<p>&nbsp;<\/p>\n","protected":false},"excerpt":{"rendered":"<p>L&#8217;obiettivo di questo elaborato \u00e8 di esporre un&#8217;esperienza sull&#8217;efficacia dell&#8217;introduzione della comunicazione ipnotica nell&#8217;immediato periodo pre e post-operatorio del blocco operatorio DEA del presidio sanitario C.T.O. dell&#8217;Azienda Ospedaliera Universitaria Citt\u00e0 [&hellip;]<\/p>\n","protected":false},"author":94,"featured_media":1636,"comment_status":"closed","ping_status":"closed","sticky":false,"template":"","format":"standard","meta":{"_et_pb_use_builder":"","_et_pb_old_content":"","_et_gb_content_width":"","footnotes":""},"categories":[23,8,38],"tags":[],"yoast_head":"<!-- This site is optimized with the Yoast SEO plugin v22.8 - https:\/\/yoast.com\/wordpress\/plugins\/seo\/ -->\n<title>La gestione dell&#039;ansia e del dolore nel peri-operatorio in sala operatoria - Andrea Di Ruvo - A.S.I.E.C.I.<\/title>\n<meta name=\"robots\" content=\"index, follow, max-snippet:-1, max-image-preview:large, max-video-preview:-1\" \/>\n<link rel=\"canonical\" href=\"https:\/\/asieci.it\/cms\/la-gestione-dellansia-e-del-dolore-nel-peri-operatorio-in-sala-operatoria-andrea-di-ruvo-riservata-ai-soci\/\" \/>\n<meta property=\"og:locale\" content=\"it_IT\" \/>\n<meta property=\"og:type\" content=\"article\" \/>\n<meta property=\"og:title\" content=\"La gestione dell&#039;ansia e del dolore nel peri-operatorio in sala operatoria - Andrea Di Ruvo - A.S.I.E.C.I.\" \/>\n<meta property=\"og:description\" content=\"L&#8217;obiettivo di questo elaborato \u00e8 di esporre un&#8217;esperienza sull&#8217;efficacia dell&#8217;introduzione della comunicazione ipnotica nell&#8217;immediato periodo pre e post-operatorio del blocco operatorio DEA del presidio sanitario C.T.O. dell&#8217;Azienda Ospedaliera Universitaria Citt\u00e0 [&hellip;]\" \/>\n<meta property=\"og:url\" content=\"https:\/\/asieci.it\/cms\/la-gestione-dellansia-e-del-dolore-nel-peri-operatorio-in-sala-operatoria-andrea-di-ruvo-riservata-ai-soci\/\" \/>\n<meta property=\"og:site_name\" content=\"A.S.I.E.C.I.\" \/>\n<meta property=\"article:published_time\" content=\"2016-02-17T14:24:01+00:00\" \/>\n<meta property=\"article:modified_time\" content=\"2016-04-28T12:37:20+00:00\" \/>\n<meta property=\"og:image\" content=\"https:\/\/asieci.it\/cms\/wp-content\/uploads\/2016\/02\/Andrea-Di-Ruvo-2.png\" \/>\n\t<meta property=\"og:image:width\" content=\"1025\" \/>\n\t<meta property=\"og:image:height\" content=\"343\" \/>\n\t<meta property=\"og:image:type\" content=\"image\/png\" \/>\n<meta name=\"author\" content=\"admin\" \/>\n<meta name=\"twitter:label1\" content=\"Scritto da\" \/>\n\t<meta name=\"twitter:data1\" content=\"admin\" \/>\n\t<meta name=\"twitter:label2\" content=\"Tempo di lettura stimato\" \/>\n\t<meta name=\"twitter:data2\" content=\"2 minuti\" \/>\n<script type=\"application\/ld+json\" class=\"yoast-schema-graph\">{\"@context\":\"https:\/\/schema.org\",\"@graph\":[{\"@type\":\"Article\",\"@id\":\"https:\/\/asieci.it\/cms\/la-gestione-dellansia-e-del-dolore-nel-peri-operatorio-in-sala-operatoria-andrea-di-ruvo-riservata-ai-soci\/#article\",\"isPartOf\":{\"@id\":\"https:\/\/asieci.it\/cms\/la-gestione-dellansia-e-del-dolore-nel-peri-operatorio-in-sala-operatoria-andrea-di-ruvo-riservata-ai-soci\/\"},\"author\":{\"name\":\"admin\",\"@id\":\"https:\/\/asieci.it\/cms\/#\/schema\/person\/9d9f4cbdd38af6f5707d2ca07fe77855\"},\"headline\":\"La gestione dell&#8217;ansia e del dolore nel peri-operatorio in sala operatoria &#8211; Andrea Di Ruvo\",\"datePublished\":\"2016-02-17T14:24:01+00:00\",\"dateModified\":\"2016-04-28T12:37:20+00:00\",\"mainEntityOfPage\":{\"@id\":\"https:\/\/asieci.it\/cms\/la-gestione-dellansia-e-del-dolore-nel-peri-operatorio-in-sala-operatoria-andrea-di-ruvo-riservata-ai-soci\/\"},\"wordCount\":488,\"publisher\":{\"@id\":\"https:\/\/asieci.it\/cms\/#organization\"},\"image\":{\"@id\":\"https:\/\/asieci.it\/cms\/la-gestione-dellansia-e-del-dolore-nel-peri-operatorio-in-sala-operatoria-andrea-di-ruvo-riservata-ai-soci\/#primaryimage\"},\"thumbnailUrl\":\"https:\/\/asieci.it\/cms\/wp-content\/uploads\/2016\/02\/Andrea-Di-Ruvo-2.png\",\"articleSection\":[\"Area Riservata\",\"Formazione\",\"Tesi CIICS\"],\"inLanguage\":\"it-IT\"},{\"@type\":\"WebPage\",\"@id\":\"https:\/\/asieci.it\/cms\/la-gestione-dellansia-e-del-dolore-nel-peri-operatorio-in-sala-operatoria-andrea-di-ruvo-riservata-ai-soci\/\",\"url\":\"https:\/\/asieci.it\/cms\/la-gestione-dellansia-e-del-dolore-nel-peri-operatorio-in-sala-operatoria-andrea-di-ruvo-riservata-ai-soci\/\",\"name\":\"La gestione dell'ansia e del dolore nel peri-operatorio in sala operatoria - Andrea Di Ruvo - A.S.I.E.C.I.\",\"isPartOf\":{\"@id\":\"https:\/\/asieci.it\/cms\/#website\"},\"primaryImageOfPage\":{\"@id\":\"https:\/\/asieci.it\/cms\/la-gestione-dellansia-e-del-dolore-nel-peri-operatorio-in-sala-operatoria-andrea-di-ruvo-riservata-ai-soci\/#primaryimage\"},\"image\":{\"@id\":\"https:\/\/asieci.it\/cms\/la-gestione-dellansia-e-del-dolore-nel-peri-operatorio-in-sala-operatoria-andrea-di-ruvo-riservata-ai-soci\/#primaryimage\"},\"thumbnailUrl\":\"https:\/\/asieci.it\/cms\/wp-content\/uploads\/2016\/02\/Andrea-Di-Ruvo-2.png\",\"datePublished\":\"2016-02-17T14:24:01+00:00\",\"dateModified\":\"2016-04-28T12:37:20+00:00\",\"breadcrumb\":{\"@id\":\"https:\/\/asieci.it\/cms\/la-gestione-dellansia-e-del-dolore-nel-peri-operatorio-in-sala-operatoria-andrea-di-ruvo-riservata-ai-soci\/#breadcrumb\"},\"inLanguage\":\"it-IT\",\"potentialAction\":[{\"@type\":\"ReadAction\",\"target\":[\"https:\/\/asieci.it\/cms\/la-gestione-dellansia-e-del-dolore-nel-peri-operatorio-in-sala-operatoria-andrea-di-ruvo-riservata-ai-soci\/\"]}]},{\"@type\":\"ImageObject\",\"inLanguage\":\"it-IT\",\"@id\":\"https:\/\/asieci.it\/cms\/la-gestione-dellansia-e-del-dolore-nel-peri-operatorio-in-sala-operatoria-andrea-di-ruvo-riservata-ai-soci\/#primaryimage\",\"url\":\"https:\/\/asieci.it\/cms\/wp-content\/uploads\/2016\/02\/Andrea-Di-Ruvo-2.png\",\"contentUrl\":\"https:\/\/asieci.it\/cms\/wp-content\/uploads\/2016\/02\/Andrea-Di-Ruvo-2.png\",\"width\":1025,\"height\":343},{\"@type\":\"BreadcrumbList\",\"@id\":\"https:\/\/asieci.it\/cms\/la-gestione-dellansia-e-del-dolore-nel-peri-operatorio-in-sala-operatoria-andrea-di-ruvo-riservata-ai-soci\/#breadcrumb\",\"itemListElement\":[{\"@type\":\"ListItem\",\"position\":1,\"name\":\"Home\",\"item\":\"https:\/\/asieci.it\/cms\/\"},{\"@type\":\"ListItem\",\"position\":2,\"name\":\"La gestione dell&#8217;ansia e del dolore nel peri-operatorio in sala operatoria &#8211; Andrea Di Ruvo\"}]},{\"@type\":\"WebSite\",\"@id\":\"https:\/\/asieci.it\/cms\/#website\",\"url\":\"https:\/\/asieci.it\/cms\/\",\"name\":\"A.S.I.E.C.I.\",\"description\":\"Associazione Scientifica Infermieri Esperti Comunicazione Ipnotica\",\"publisher\":{\"@id\":\"https:\/\/asieci.it\/cms\/#organization\"},\"potentialAction\":[{\"@type\":\"SearchAction\",\"target\":{\"@type\":\"EntryPoint\",\"urlTemplate\":\"https:\/\/asieci.it\/cms\/?s={search_term_string}\"},\"query-input\":\"required name=search_term_string\"}],\"inLanguage\":\"it-IT\"},{\"@type\":\"Organization\",\"@id\":\"https:\/\/asieci.it\/cms\/#organization\",\"name\":\"ASIECI - Associazione Scientifica Infermieri Esperti Comunicazione Ipnotica\",\"url\":\"https:\/\/asieci.it\/cms\/\",\"logo\":{\"@type\":\"ImageObject\",\"inLanguage\":\"it-IT\",\"@id\":\"https:\/\/asieci.it\/cms\/#\/schema\/logo\/image\/\",\"url\":\"https:\/\/asieci.it\/cms\/wp-content\/uploads\/2015\/12\/Logo.png\",\"contentUrl\":\"https:\/\/asieci.it\/cms\/wp-content\/uploads\/2015\/12\/Logo.png\",\"width\":1025,\"height\":343,\"caption\":\"ASIECI - Associazione Scientifica Infermieri Esperti Comunicazione Ipnotica\"},\"image\":{\"@id\":\"https:\/\/asieci.it\/cms\/#\/schema\/logo\/image\/\"}},{\"@type\":\"Person\",\"@id\":\"https:\/\/asieci.it\/cms\/#\/schema\/person\/9d9f4cbdd38af6f5707d2ca07fe77855\",\"name\":\"admin\",\"image\":{\"@type\":\"ImageObject\",\"inLanguage\":\"it-IT\",\"@id\":\"https:\/\/asieci.it\/cms\/#\/schema\/person\/image\/\",\"url\":\"https:\/\/secure.gravatar.com\/avatar\/66532d5a7693aa019d73b60d47ff5d5f?s=96&r=g\",\"contentUrl\":\"https:\/\/secure.gravatar.com\/avatar\/66532d5a7693aa019d73b60d47ff5d5f?s=96&r=g\",\"caption\":\"admin\"},\"url\":\"https:\/\/asieci.it\/cms\/author\/admin\/\"}]}<\/script>\n<!-- \/ Yoast SEO plugin. -->","yoast_head_json":{"title":"La gestione dell'ansia e del dolore nel peri-operatorio in sala operatoria - Andrea Di Ruvo - A.S.I.E.C.I.","robots":{"index":"index","follow":"follow","max-snippet":"max-snippet:-1","max-image-preview":"max-image-preview:large","max-video-preview":"max-video-preview:-1"},"canonical":"https:\/\/asieci.it\/cms\/la-gestione-dellansia-e-del-dolore-nel-peri-operatorio-in-sala-operatoria-andrea-di-ruvo-riservata-ai-soci\/","og_locale":"it_IT","og_type":"article","og_title":"La gestione dell'ansia e del dolore nel peri-operatorio in sala operatoria - Andrea Di Ruvo - A.S.I.E.C.I.","og_description":"L&#8217;obiettivo di questo elaborato \u00e8 di esporre un&#8217;esperienza sull&#8217;efficacia dell&#8217;introduzione della comunicazione ipnotica nell&#8217;immediato periodo pre e post-operatorio del blocco operatorio DEA del presidio sanitario C.T.O. dell&#8217;Azienda Ospedaliera Universitaria Citt\u00e0 [&hellip;]","og_url":"https:\/\/asieci.it\/cms\/la-gestione-dellansia-e-del-dolore-nel-peri-operatorio-in-sala-operatoria-andrea-di-ruvo-riservata-ai-soci\/","og_site_name":"A.S.I.E.C.I.","article_published_time":"2016-02-17T14:24:01+00:00","article_modified_time":"2016-04-28T12:37:20+00:00","og_image":[{"width":1025,"height":343,"url":"https:\/\/asieci.it\/cms\/wp-content\/uploads\/2016\/02\/Andrea-Di-Ruvo-2.png","type":"image\/png"}],"author":"admin","twitter_misc":{"Scritto da":"admin","Tempo di lettura stimato":"2 minuti"},"schema":{"@context":"https:\/\/schema.org","@graph":[{"@type":"Article","@id":"https:\/\/asieci.it\/cms\/la-gestione-dellansia-e-del-dolore-nel-peri-operatorio-in-sala-operatoria-andrea-di-ruvo-riservata-ai-soci\/#article","isPartOf":{"@id":"https:\/\/asieci.it\/cms\/la-gestione-dellansia-e-del-dolore-nel-peri-operatorio-in-sala-operatoria-andrea-di-ruvo-riservata-ai-soci\/"},"author":{"name":"admin","@id":"https:\/\/asieci.it\/cms\/#\/schema\/person\/9d9f4cbdd38af6f5707d2ca07fe77855"},"headline":"La gestione dell&#8217;ansia e del dolore nel peri-operatorio in sala operatoria &#8211; Andrea Di Ruvo","datePublished":"2016-02-17T14:24:01+00:00","dateModified":"2016-04-28T12:37:20+00:00","mainEntityOfPage":{"@id":"https:\/\/asieci.it\/cms\/la-gestione-dellansia-e-del-dolore-nel-peri-operatorio-in-sala-operatoria-andrea-di-ruvo-riservata-ai-soci\/"},"wordCount":488,"publisher":{"@id":"https:\/\/asieci.it\/cms\/#organization"},"image":{"@id":"https:\/\/asieci.it\/cms\/la-gestione-dellansia-e-del-dolore-nel-peri-operatorio-in-sala-operatoria-andrea-di-ruvo-riservata-ai-soci\/#primaryimage"},"thumbnailUrl":"https:\/\/asieci.it\/cms\/wp-content\/uploads\/2016\/02\/Andrea-Di-Ruvo-2.png","articleSection":["Area Riservata","Formazione","Tesi CIICS"],"inLanguage":"it-IT"},{"@type":"WebPage","@id":"https:\/\/asieci.it\/cms\/la-gestione-dellansia-e-del-dolore-nel-peri-operatorio-in-sala-operatoria-andrea-di-ruvo-riservata-ai-soci\/","url":"https:\/\/asieci.it\/cms\/la-gestione-dellansia-e-del-dolore-nel-peri-operatorio-in-sala-operatoria-andrea-di-ruvo-riservata-ai-soci\/","name":"La gestione dell'ansia e del dolore nel peri-operatorio in sala operatoria - Andrea Di Ruvo - A.S.I.E.C.I.","isPartOf":{"@id":"https:\/\/asieci.it\/cms\/#website"},"primaryImageOfPage":{"@id":"https:\/\/asieci.it\/cms\/la-gestione-dellansia-e-del-dolore-nel-peri-operatorio-in-sala-operatoria-andrea-di-ruvo-riservata-ai-soci\/#primaryimage"},"image":{"@id":"https:\/\/asieci.it\/cms\/la-gestione-dellansia-e-del-dolore-nel-peri-operatorio-in-sala-operatoria-andrea-di-ruvo-riservata-ai-soci\/#primaryimage"},"thumbnailUrl":"https:\/\/asieci.it\/cms\/wp-content\/uploads\/2016\/02\/Andrea-Di-Ruvo-2.png","datePublished":"2016-02-17T14:24:01+00:00","dateModified":"2016-04-28T12:37:20+00:00","breadcrumb":{"@id":"https:\/\/asieci.it\/cms\/la-gestione-dellansia-e-del-dolore-nel-peri-operatorio-in-sala-operatoria-andrea-di-ruvo-riservata-ai-soci\/#breadcrumb"},"inLanguage":"it-IT","potentialAction":[{"@type":"ReadAction","target":["https:\/\/asieci.it\/cms\/la-gestione-dellansia-e-del-dolore-nel-peri-operatorio-in-sala-operatoria-andrea-di-ruvo-riservata-ai-soci\/"]}]},{"@type":"ImageObject","inLanguage":"it-IT","@id":"https:\/\/asieci.it\/cms\/la-gestione-dellansia-e-del-dolore-nel-peri-operatorio-in-sala-operatoria-andrea-di-ruvo-riservata-ai-soci\/#primaryimage","url":"https:\/\/asieci.it\/cms\/wp-content\/uploads\/2016\/02\/Andrea-Di-Ruvo-2.png","contentUrl":"https:\/\/asieci.it\/cms\/wp-content\/uploads\/2016\/02\/Andrea-Di-Ruvo-2.png","width":1025,"height":343},{"@type":"BreadcrumbList","@id":"https:\/\/asieci.it\/cms\/la-gestione-dellansia-e-del-dolore-nel-peri-operatorio-in-sala-operatoria-andrea-di-ruvo-riservata-ai-soci\/#breadcrumb","itemListElement":[{"@type":"ListItem","position":1,"name":"Home","item":"https:\/\/asieci.it\/cms\/"},{"@type":"ListItem","position":2,"name":"La gestione dell&#8217;ansia e del dolore nel peri-operatorio in sala operatoria &#8211; Andrea Di Ruvo"}]},{"@type":"WebSite","@id":"https:\/\/asieci.it\/cms\/#website","url":"https:\/\/asieci.it\/cms\/","name":"A.S.I.E.C.I.","description":"Associazione Scientifica Infermieri Esperti Comunicazione Ipnotica","publisher":{"@id":"https:\/\/asieci.it\/cms\/#organization"},"potentialAction":[{"@type":"SearchAction","target":{"@type":"EntryPoint","urlTemplate":"https:\/\/asieci.it\/cms\/?s={search_term_string}"},"query-input":"required name=search_term_string"}],"inLanguage":"it-IT"},{"@type":"Organization","@id":"https:\/\/asieci.it\/cms\/#organization","name":"ASIECI - Associazione Scientifica Infermieri Esperti Comunicazione Ipnotica","url":"https:\/\/asieci.it\/cms\/","logo":{"@type":"ImageObject","inLanguage":"it-IT","@id":"https:\/\/asieci.it\/cms\/#\/schema\/logo\/image\/","url":"https:\/\/asieci.it\/cms\/wp-content\/uploads\/2015\/12\/Logo.png","contentUrl":"https:\/\/asieci.it\/cms\/wp-content\/uploads\/2015\/12\/Logo.png","width":1025,"height":343,"caption":"ASIECI - Associazione Scientifica Infermieri Esperti Comunicazione Ipnotica"},"image":{"@id":"https:\/\/asieci.it\/cms\/#\/schema\/logo\/image\/"}},{"@type":"Person","@id":"https:\/\/asieci.it\/cms\/#\/schema\/person\/9d9f4cbdd38af6f5707d2ca07fe77855","name":"admin","image":{"@type":"ImageObject","inLanguage":"it-IT","@id":"https:\/\/asieci.it\/cms\/#\/schema\/person\/image\/","url":"https:\/\/secure.gravatar.com\/avatar\/66532d5a7693aa019d73b60d47ff5d5f?s=96&r=g","contentUrl":"https:\/\/secure.gravatar.com\/avatar\/66532d5a7693aa019d73b60d47ff5d5f?s=96&r=g","caption":"admin"},"url":"https:\/\/asieci.it\/cms\/author\/admin\/"}]}},"_links":{"self":[{"href":"https:\/\/asieci.it\/cms\/wp-json\/wp\/v2\/posts\/1669"}],"collection":[{"href":"https:\/\/asieci.it\/cms\/wp-json\/wp\/v2\/posts"}],"about":[{"href":"https:\/\/asieci.it\/cms\/wp-json\/wp\/v2\/types\/post"}],"author":[{"embeddable":true,"href":"https:\/\/asieci.it\/cms\/wp-json\/wp\/v2\/users\/94"}],"replies":[{"embeddable":true,"href":"https:\/\/asieci.it\/cms\/wp-json\/wp\/v2\/comments?post=1669"}],"version-history":[{"count":0,"href":"https:\/\/asieci.it\/cms\/wp-json\/wp\/v2\/posts\/1669\/revisions"}],"wp:featuredmedia":[{"embeddable":true,"href":"https:\/\/asieci.it\/cms\/wp-json\/wp\/v2\/media\/1636"}],"wp:attachment":[{"href":"https:\/\/asieci.it\/cms\/wp-json\/wp\/v2\/media?parent=1669"}],"wp:term":[{"taxonomy":"category","embeddable":true,"href":"https:\/\/asieci.it\/cms\/wp-json\/wp\/v2\/categories?post=1669"},{"taxonomy":"post_tag","embeddable":true,"href":"https:\/\/asieci.it\/cms\/wp-json\/wp\/v2\/tags?post=1669"}],"curies":[{"name":"wp","href":"https:\/\/api.w.org\/{rel}","templated":true}]}}